{"id":1856,"date":"2025-09-27T17:25:39","date_gmt":"2025-09-27T13:55:39","guid":{"rendered":"https:\/\/aron-studio.de\/?p=1856"},"modified":"2025-09-27T17:25:43","modified_gmt":"2025-09-27T13:55:43","slug":"wie-digitale-fertigung-und-parametrisches-design-die-zukunft-der-architektur-in-europa-veraendern","status":"publish","type":"post","link":"https:\/\/aron-studio.de\/de\/wie-digitale-fertigung-und-parametrisches-design-die-zukunft-der-architektur-in-europa-veraendern\/","title":{"rendered":"Wie digitale Fertigung und parametrisches Design die Zukunft der Architektur in Europa ver\u00e4ndern"},"content":{"rendered":"\n<p><strong>Einleitung: Ein Paradigmenwechsel im Planen und Bauen<\/strong><\/p>\n\n\n\n<p>Die Architektur in Europa befindet sich im Umbruch. In den letzten Jahren haben sich nicht nur die Entwurfsprozesse grundlegend ver\u00e4ndert \u2013 auch die Art und Weise, wie Geb\u00e4ude produziert werden, entwickelt sich rasant weiter.<\/p>\n\n\n\n<p>Zwei der bedeutendsten Treiber dieses Wandels sind das <strong>parametrische Design<\/strong> und die <strong>digitale Fertigung<\/strong>. Beide Technologien sind dabei, Architektur neu zu definieren \u2013 nicht nur visuell, sondern auch funktional, \u00f6kologisch und wirtschaftlich.<\/p>\n\n\n\n<p>In diesem Artikel beleuchten wir, wie parametrisches Design und digitale Fertigung die Architektur in Deutschland und Europa ver\u00e4ndern, welche Tools dabei eine Schl\u00fcsselrolle spielen und wie Studios wie <strong>Aron Studio<\/strong> diese Methoden erfolgreich in die t\u00e4gliche Praxis integrieren.<\/p>\n\n\n\n<figure class=\"wp-block-image size-full\"><img loading=\"lazy\" decoding=\"async\" width=\"1000\" height=\"667\" src=\"https:\/\/aron-studio.de\/wp-content\/uploads\/2025\/09\/Liv_MatS_Interior_RF-8.jpg\" alt=\"\" class=\"wp-image-1845\" srcset=\"https:\/\/aron-studio.de\/wp-content\/uploads\/2025\/09\/Liv_MatS_Interior_RF-8.jpg 1000w, https:\/\/aron-studio.de\/wp-content\/uploads\/2025\/09\/Liv_MatS_Interior_RF-8-150x100.jpg 150w, https:\/\/aron-studio.de\/wp-content\/uploads\/2025\/09\/Liv_MatS_Interior_RF-8-600x400.jpg 600w\" sizes=\"auto, (max-width: 1000px) 100vw, 1000px\" \/><figcaption class=\"wp-element-caption\"><em>ivMatS Pavilion 2020-21: Photographs by ICD\/ITKE\/IntCDC, University of Stuttgart<\/em> &#8211; (<a href=\"https:\/\/www.itke.uni-stuttgart.de\/research\/icd-itke-research-pavilions\/livMatS-pavilion-2020-21\/\">\u00a9 ICD\/ITKE\/IIntCDC<\/a>)<\/figcaption><\/figure>\n\n\n\n<p><strong>Was ist parametrisches Design?<\/strong><\/p>\n\n\n\n<p>Parametrisches Design bezeichnet einen rechnergest\u00fctzten Entwurfsprozess, bei dem Geometrien nicht manuell, sondern durch festgelegte Regeln, Algorithmen und Parameter generiert werden.<\/p>\n\n\n\n<p>Anstatt Linien zu zeichnen, definieren Architekt:innen <strong>Beziehungen<\/strong> \u2013 z.\u202fB. zwischen H\u00f6he, Licht, Material oder Struktur. Programme wie <strong>Grasshopper f\u00fcr Rhino<\/strong> oder <strong>Dynamo f\u00fcr Revit<\/strong> erm\u00f6glichen so eine neue Art des Denkens und Entwerfens.<\/p>\n\n\n\n<p><strong>Vorteile des parametrischen Designs:<\/strong><\/p>\n\n\n\n<ul class=\"wp-block-list\">\n<li>Anpassungsf\u00e4higkeit bei wechselnden Anforderungen<\/li>\n\n\n\n<li>Optimierung von Licht, Luftzirkulation, Struktur oder Materialeinsatz<\/li>\n\n\n\n<li>Effiziente Entwicklung komplexer Formen<\/li>\n\n\n\n<li>Schnelle Iterationen und Variantenbildung<\/li>\n<\/ul>\n\n\n\n<figure class=\"wp-block-image size-full is-resized\"><img loading=\"lazy\" decoding=\"async\" width=\"800\" height=\"537\" src=\"https:\/\/aron-studio.de\/wp-content\/uploads\/2025\/09\/pudelma03_avajaiset_mwikar1.jpg\" alt=\"\" class=\"wp-image-1841\" style=\"width:840px;height:auto\" srcset=\"https:\/\/aron-studio.de\/wp-content\/uploads\/2025\/09\/pudelma03_avajaiset_mwikar1.jpg 800w, https:\/\/aron-studio.de\/wp-content\/uploads\/2025\/09\/pudelma03_avajaiset_mwikar1-150x101.jpg 150w, https:\/\/aron-studio.de\/wp-content\/uploads\/2025\/09\/pudelma03_avajaiset_mwikar1-600x403.jpg 600w\" sizes=\"auto, (max-width: 800px) 100vw, 800px\" \/><figcaption class=\"wp-element-caption\">Pudelma pavilion &#8211; Columbia University, University of Oulu and Aalto University, (<a href=\"https:\/\/geometria.fi\/project\/pudelma-pavilion\/\">geometria.fi<\/a>)<\/figcaption><\/figure>\n\n\n\n<p><strong>Was versteht man unter digitaler Fertigung?<\/strong> <\/p>\n\n\n\n<p>Digitale Fertigung beschreibt die Umsetzung digitaler Modelle in physische Bauteile mithilfe computergesteuerter Maschinen. Sie umfasst verschiedene Technologien:<\/p>\n\n\n\n<figure class=\"wp-block-table\"><table class=\"has-fixed-layout\"><thead><tr><td><strong>Technologie<\/strong><\/td><td><strong>Anwendung<\/strong><\/td><\/tr><\/thead><tbody><tr><td>CNC-Fr\u00e4sen<\/td><td>Pr\u00e4ziser Zuschnitt von Holz, Metall, Stein<\/td><\/tr><tr><td>Roboter-Fertigung<\/td><td>Herstellung komplexer Geometrien mit 6-Achs-Robotern<\/td><\/tr><tr><td>3D-Druck (FDM \/ SLA \/ etc.)<\/td><td>Additive Fertigung mit Kunststoff, Keramik oder Beton<\/td><\/tr><tr><td>Laserschneiden<\/td><td>Filigrane Konturen in Plattenmaterialien<\/td><\/tr><tr><td>Keramik-3D-Druck<\/td><td>Modellierung und Glasur von Keramikelementen<\/td><\/tr><\/tbody><\/table><\/figure>\n\n\n\n<p>Durch diese Technologien wird die L\u00fccke zwischen Entwurf und Ausf\u00fchrung geschlossen \u2013 effizient, pr\u00e4zise und kreativ.<\/p>\n\n\n\n<figure class=\"wp-block-image size-full is-resized\"><img loading=\"lazy\" decoding=\"async\" width=\"800\" height=\"537\" src=\"https:\/\/aron-studio.de\/wp-content\/uploads\/2025\/09\/pudelma03_avajaiset_mwikar.jpg\" alt=\"\" class=\"wp-image-1847\" style=\"width:840px;height:auto\" srcset=\"https:\/\/aron-studio.de\/wp-content\/uploads\/2025\/09\/pudelma03_avajaiset_mwikar.jpg 800w, https:\/\/aron-studio.de\/wp-content\/uploads\/2025\/09\/pudelma03_avajaiset_mwikar-150x101.jpg 150w, https:\/\/aron-studio.de\/wp-content\/uploads\/2025\/09\/pudelma03_avajaiset_mwikar-600x403.jpg 600w\" sizes=\"auto, (max-width: 800px) 100vw, 800px\" \/><figcaption class=\"wp-element-caption\">Endesa Pavilion Designed by IAAC, (Institute for Advanced Architecture of Catalonia) <br><a href=\"https:\/\/parametric-architecture.com\/endesa-pavilion-designed-by-iaac-institute-for-advanced-architecture-of-catalonia\/\">parametric-architecture.com<\/a><\/figcaption><\/figure>\n\n\n\n<p><strong>Warum Europa f\u00fchrend ist<\/strong><\/p>\n\n\n\n<p>Besonders in L\u00e4ndern wie Deutschland, der Schweiz, den Niederlanden und Skandinavien ist parametrisches Design kein Nischenthema mehr \u2013 es geh\u00f6rt zum Standard in vielen Planungsb\u00fcros und Architekturschulen.<\/p>\n\n\n\n<p>Beispiele:<\/p>\n\n\n\n<ul class=\"wp-block-list\">\n<li><strong>Forschungsprojekte am ICD \/ ITKE Stuttgart<\/strong><\/li>\n\n\n\n<li><strong>ETH Z\u00fcrich<\/strong>: Adaptive Geb\u00e4udeh\u00fcllen &amp; robotische Konstruktionen<\/li>\n\n\n\n<li><strong>The Edge in Amsterdam<\/strong> \u2013 datengetriebene Geb\u00e4udesteuerung<\/li>\n\n\n\n<li><strong>Installationen auf Biennalen und Expos<\/strong><\/li>\n<\/ul>\n\n\n\n<p>Diese Projekte zeigen, wie sich Architektur durch Daten, Technologie und neue Werkstoffe weiterentwickelt.<\/p>\n\n\n\n<figure class=\"wp-block-image size-full\"><img loading=\"lazy\" decoding=\"async\" width=\"1000\" height=\"264\" src=\"https:\/\/aron-studio.de\/wp-content\/uploads\/2025\/09\/12_rh2028-0035.jpg\" alt=\"\" class=\"wp-image-1851\" srcset=\"https:\/\/aron-studio.de\/wp-content\/uploads\/2025\/09\/12_rh2028-0035.jpg 1000w, https:\/\/aron-studio.de\/wp-content\/uploads\/2025\/09\/12_rh2028-0035-150x40.jpg 150w, https:\/\/aron-studio.de\/wp-content\/uploads\/2025\/09\/12_rh2028-0035-600x158.jpg 600w\" sizes=\"auto, (max-width: 1000px) 100vw, 1000px\" \/><figcaption class=\"wp-element-caption\">ICD\/ITKE Research Pavilion 2011, (<a href=\"https:\/\/www.itke.uni-stuttgart.de\/research\/icd-itke-research-pavilions\/icd-itke-research-pavilion-2011\/\">ICD\/ITKE Research Pavilions<\/a>)<\/figcaption><\/figure>\n\n\n\n<p><strong>Vom digitalen Entwurf zur physischen Form<\/strong><\/p>\n\n\n\n<p>Was fr\u00fcher Vision war, ist heute Realit\u00e4t: Ein parametrischer Entwurf kann direkt in eine <strong>fabrikationsf\u00e4hige Geometrie<\/strong> \u00fcberf\u00fchrt werden. Dank <strong>BIM<\/strong>, CAM und leistungsf\u00e4higer Maschinen entsteht ein durchg\u00e4ngiger Prozess:<\/p>\n\n\n\n<ul class=\"wp-block-list\">\n<li>Algorithmen generieren komplexe Strukturen<\/li>\n\n\n\n<li>Die Daten flie\u00dfen direkt in CNC- oder 3D-Druck-Prozesse<\/li>\n\n\n\n<li>Individualisierte Bauteile entstehen <strong>automatisiert<\/strong><\/li>\n<\/ul>\n\n\n\n<p>Das erm\u00f6glicht z.\u202fB. die Herstellung von <strong>geometrisch komplexen Akustikdecken<\/strong>, <strong>nicht-standardisierten Fassaden<\/strong> oder <strong>ma\u00dfgeschneiderten M\u00f6beln<\/strong> \u2013 wirtschaftlich und skalierbar.<\/p>\n\n\n\n<p><\/p>\n\n\n\n<p><strong>Vorteile f\u00fcr Architekten, Bauherren und Investoren<\/strong><\/p>\n\n\n\n<p><strong>1. Geschwindigkeit<\/strong><\/p>\n\n\n\n<p>Digitale Workflows verk\u00fcrzen Entwurfs- und Produktionszeiten drastisch.<\/p>\n\n\n\n<p><strong>2. Kosteneffizienz<\/strong><\/p>\n\n\n\n<p>Ma\u00dfgeschneiderte Komponenten k\u00f6nnen automatisiert produziert werden \u2013 ohne klassische Mehrkosten.<\/p>\n\n\n\n<p><strong>3. Nachhaltigkeit<\/strong><\/p>\n\n\n\n<p>Materialeinsatz wird optimiert, Ausschuss minimiert, Energieverbrauch reduziert.<\/p>\n\n\n\n<p><strong>4. Pr\u00e4zision &amp; Qualit\u00e4t<\/strong><\/p>\n\n\n\n<p>Digitale Fertigung sorgt f\u00fcr exakte Ergebnisse \u2013 unabh\u00e4ngig von manuellen Fertigkeiten.<\/p>\n\n\n\n<figure class=\"wp-block-image size-large\"><img loading=\"lazy\" decoding=\"async\" width=\"1024\" height=\"683\" src=\"https:\/\/aron-studio.de\/wp-content\/uploads\/2025\/09\/WhatsApp-Image-2025-09-27-at-13.58.34-1024x683.jpeg\" alt=\"\" class=\"wp-image-1853\" srcset=\"https:\/\/aron-studio.de\/wp-content\/uploads\/2025\/09\/WhatsApp-Image-2025-09-27-at-13.58.34-1024x683.jpeg 1024w, https:\/\/aron-studio.de\/wp-content\/uploads\/2025\/09\/WhatsApp-Image-2025-09-27-at-13.58.34-150x100.jpeg 150w, https:\/\/aron-studio.de\/wp-content\/uploads\/2025\/09\/WhatsApp-Image-2025-09-27-at-13.58.34-600x400.jpeg 600w, https:\/\/aron-studio.de\/wp-content\/uploads\/2025\/09\/WhatsApp-Image-2025-09-27-at-13.58.34.jpeg 1200w\" sizes=\"auto, (max-width: 1024px) 100vw, 1024px\" \/><figcaption class=\"wp-element-caption\">ICD-ITKE Research Pavilion 2016-17 \/ ICD\/ITKE University of Stuttgart, (<a href=\"https:\/\/www.archdaily.com\/869450\/icd-itke-research-pavilion-2016-17-icd-itke-university-of-stuttgart\">archdaily.com<\/a>)<\/figcaption><\/figure>\n\n\n\n<p><strong>Wie Aron Studio diese Technologien einsetzt<\/strong><\/p>\n\n\n\n<p><strong>Aron Studio<\/strong> mit Sitz in <strong>Baden-W\u00fcrttemberg<\/strong> kombiniert klassische Architekturleistungen mit modernster digitaler Technologie.<\/p>\n\n\n\n<p>Als <strong>eingetragenes Architekturb\u00fcro<\/strong> bieten wir:<\/p>\n\n\n\n<ul class=\"wp-block-list\">\n<li>Planung nach HOAI in allen Leistungsphasen<\/li>\n\n\n\n<li>Innenarchitektur &amp; Materialkonzepte<\/li>\n\n\n\n<li>Digitale Entw\u00fcrfe mit BIM &amp; parametrischen Tools<\/li>\n\n\n\n<li>Eigene digitale Fertigung: CNC, 3D-Druck, robotische Produktion<\/li>\n\n\n\n<li>Keramische Prototypen, Designprodukte &amp; tempor\u00e4re Bauten<\/li>\n\n\n\n<li>Herstellung von Messe- und Ausstellungselementen<\/li>\n<\/ul>\n\n\n\n<p>Unser Ziel: Visionen <strong>schnell, pr\u00e4zise und bezahlbar<\/strong> Realit\u00e4t werden zu lassen.<\/p>\n\n\n\n<p><\/p>\n\n\n\n<p><strong>Anwendungsbeispiele<\/strong><\/p>\n\n\n\n<p>Wir realisieren unter anderem:<\/p>\n\n\n\n<ul class=\"wp-block-list\">\n<li><strong>Modulare Pavillons<\/strong> f\u00fcr Museen oder Events<\/li>\n\n\n\n<li><strong>Akustikw\u00e4nde mit organischer Formensprache<\/strong><\/li>\n\n\n\n<li><strong>Ma\u00dfgeschneiderte M\u00f6bel und Objekte<\/strong><\/li>\n\n\n\n<li><strong>3D-gedruckte Fassadenelemente mit integrierter Funktion<\/strong><\/li>\n\n\n\n<li><strong>Designobjekte aus Keramik<\/strong> \u2013 glasierte &amp; gebrannte Einzelst\u00fccke<\/li>\n\n\n\n<li><strong>Formenbau f\u00fcr Beton-, Holz- und Metallguss<\/strong><\/li>\n<\/ul>\n\n\n\n<p>Diese Projekte sind nicht mehr Zukunft \u2013 sie entstehen <strong>jetzt<\/strong>.<\/p>\n\n\n\n<p><\/p>\n\n\n\n<p><strong>Herausforderungen und L\u00f6sungen<\/strong><\/p>\n\n\n\n<p>Technologien bringen auch Herausforderungen:<\/p>\n\n\n\n<ul class=\"wp-block-list\">\n<li><strong>Komplexe Software<\/strong> erfordert Schulung<\/li>\n\n\n\n<li><strong>Koordination mit Fertigungspartnern<\/strong> muss exakt erfolgen<\/li>\n\n\n\n<li><strong>Materialgrenzen<\/strong> sind zu beachten<\/li>\n\n\n\n<li><strong>Initialkosten<\/strong> k\u00f6nnen h\u00f6her sein \u2013 amortisieren sich aber durch Effizienz<\/li>\n<\/ul>\n\n\n\n<p>Die L\u00f6sung: Ein Team, das <strong>Gestaltung und Produktion<\/strong> vereint.<\/p>\n\n\n\n<p><\/p>\n\n\n\n<p><strong>Zukunftsausblick: Wie bauen wir morgen?<\/strong><\/p>\n\n\n\n<p>Angesichts wachsender Anforderungen an <strong>Nachhaltigkeit<\/strong>, <strong>Individualisierung<\/strong> und <strong>Schnelligkeit<\/strong> f\u00fchrt kein Weg mehr an diesen Technologien vorbei.<\/p>\n\n\n\n<p>Architekturb\u00fcros, die jetzt investieren, sichern sich:<\/p>\n\n\n\n<ul class=\"wp-block-list\">\n<li>Technologievorsprung<\/li>\n\n\n\n<li>Marktdifferenzierung<\/li>\n\n\n\n<li>Neue kreative Freiheiten<\/li>\n<\/ul>\n\n\n\n<p><\/p>\n\n\n\n<p><strong>Fazit: Die Zukunft ist digital \u2013 sind Sie bereit?<\/strong><\/p>\n\n\n\n<p><strong>Aron Studio<\/strong> begleitet Sie vom ersten Entwurf bis zum fertigen Produkt \u2013 mit Designqualit\u00e4t, Technologie und Effizienz aus einer Hand.<\/p>\n\n\n\n<p>\ud83d\udcde Sprechen Sie uns an \u2013 wir zeigen Ihnen, was m\u00f6glich ist.<br>\ud83c\udf10 <a href=\"https:\/\/www.aron-studio.de\">www.aron-studio.de<\/a><br>\ud83d\udce7 info@aron-studio.de<\/p>\n\n\n\n<p><\/p>\n","protected":false},"excerpt":{"rendered":"<p>Einleitung: Ein Paradigmenwechsel im Planen und Bauen Die Architektur in Europa befindet sich im Umbruch. In den letzten Jahren haben sich nicht nur die Entwurfsprozesse grundlegend ver\u00e4ndert \u2013 auch die Art und Weise, wie Geb\u00e4ude produziert werden, entwickelt sich rasant weiter. Zwei der bedeutendsten Treiber dieses Wandels sind das parametrische Design und die digitale Fertigung. [&hellip;]<\/p>\n","protected":false},"author":1,"featured_media":1853,"comment_status":"open","ping_status":"open","sticky":false,"template":"","format":"standard","meta":{"footnotes":""},"categories":[15],"tags":[],"class_list":["post-1856","post","type-post","status-publish","format-standard","has-post-thumbnail","hentry","category-unkategorisiert"],"acf":[],"yoast_head":"<!-- This site is optimized with the Yoast SEO plugin v21.3 - https:\/\/yoast.com\/wordpress\/plugins\/seo\/ -->\n<title>Wie digitale Fertigung und parametrisches Design die Zukunft der Architektur in Europa ver\u00e4ndern - Aron Studio<\/title>\n<meta name=\"robots\" content=\"index, follow, max-snippet:-1, max-image-preview:large, max-video-preview:-1\" \/>\n<link rel=\"canonical\" href=\"https:\/\/aron-studio.de\/de\/wie-digitale-fertigung-und-parametrisches-design-die-zukunft-der-architektur-in-europa-veraendern\/\" \/>\n<meta property=\"og:locale\" content=\"de_DE\" \/>\n<meta property=\"og:type\" content=\"article\" \/>\n<meta property=\"og:title\" content=\"Wie digitale Fertigung und parametrisches Design die Zukunft der Architektur in Europa ver\u00e4ndern - Aron Studio\" \/>\n<meta property=\"og:description\" content=\"Einleitung: Ein Paradigmenwechsel im Planen und Bauen Die Architektur in Europa befindet sich im Umbruch. In den letzten Jahren haben sich nicht nur die Entwurfsprozesse grundlegend ver\u00e4ndert \u2013 auch die Art und Weise, wie Geb\u00e4ude produziert werden, entwickelt sich rasant weiter. Zwei der bedeutendsten Treiber dieses Wandels sind das parametrische Design und die digitale Fertigung. [&hellip;]\" \/>\n<meta property=\"og:url\" content=\"https:\/\/aron-studio.de\/de\/wie-digitale-fertigung-und-parametrisches-design-die-zukunft-der-architektur-in-europa-veraendern\/\" \/>\n<meta property=\"og:site_name\" content=\"Aron Studio\" \/>\n<meta property=\"article:published_time\" content=\"2025-09-27T13:55:39+00:00\" \/>\n<meta property=\"article:modified_time\" content=\"2025-09-27T13:55:43+00:00\" \/>\n<meta property=\"og:image\" content=\"https:\/\/aron-studio.de\/wp-content\/uploads\/2025\/09\/WhatsApp-Image-2025-09-27-at-13.58.34.jpeg\" \/>\n\t<meta property=\"og:image:width\" content=\"1200\" \/>\n\t<meta property=\"og:image:height\" content=\"800\" \/>\n\t<meta property=\"og:image:type\" content=\"image\/jpeg\" \/>\n<meta name=\"author\" content=\"administrator\" \/>\n<meta name=\"twitter:card\" content=\"summary_large_image\" \/>\n<meta name=\"twitter:label1\" content=\"Verfasst von\" \/>\n\t<meta name=\"twitter:data1\" content=\"administrator\" \/>\n\t<meta name=\"twitter:label2\" content=\"Gesch\u00e4tzte Lesezeit\" \/>\n\t<meta name=\"twitter:data2\" content=\"5\u00a0Minuten\" \/>\n<script type=\"application\/ld+json\" class=\"yoast-schema-graph\">{\"@context\":\"https:\/\/schema.org\",\"@graph\":[{\"@type\":\"Article\",\"@id\":\"https:\/\/aron-studio.de\/de\/wie-digitale-fertigung-und-parametrisches-design-die-zukunft-der-architektur-in-europa-veraendern\/#article\",\"isPartOf\":{\"@id\":\"https:\/\/aron-studio.de\/de\/wie-digitale-fertigung-und-parametrisches-design-die-zukunft-der-architektur-in-europa-veraendern\/\"},\"author\":{\"name\":\"administrator\",\"@id\":\"https:\/\/aron-studio.de\/#\/schema\/person\/b640f909f1b0d390f40e1a88f94caf55\"},\"headline\":\"Wie digitale Fertigung und parametrisches Design die Zukunft der Architektur in Europa ver\u00e4ndern\",\"datePublished\":\"2025-09-27T13:55:39+00:00\",\"dateModified\":\"2025-09-27T13:55:43+00:00\",\"mainEntityOfPage\":{\"@id\":\"https:\/\/aron-studio.de\/de\/wie-digitale-fertigung-und-parametrisches-design-die-zukunft-der-architektur-in-europa-veraendern\/\"},\"wordCount\":811,\"commentCount\":0,\"publisher\":{\"@id\":\"https:\/\/aron-studio.de\/#organization\"},\"articleSection\":[\"Unkategorisiert\"],\"inLanguage\":\"de\",\"potentialAction\":[{\"@type\":\"CommentAction\",\"name\":\"Comment\",\"target\":[\"https:\/\/aron-studio.de\/de\/wie-digitale-fertigung-und-parametrisches-design-die-zukunft-der-architektur-in-europa-veraendern\/#respond\"]}]},{\"@type\":\"WebPage\",\"@id\":\"https:\/\/aron-studio.de\/de\/wie-digitale-fertigung-und-parametrisches-design-die-zukunft-der-architektur-in-europa-veraendern\/\",\"url\":\"https:\/\/aron-studio.de\/de\/wie-digitale-fertigung-und-parametrisches-design-die-zukunft-der-architektur-in-europa-veraendern\/\",\"name\":\"Wie digitale Fertigung und parametrisches Design die Zukunft der Architektur in Europa ver\u00e4ndern - Aron Studio\",\"isPartOf\":{\"@id\":\"https:\/\/aron-studio.de\/#website\"},\"datePublished\":\"2025-09-27T13:55:39+00:00\",\"dateModified\":\"2025-09-27T13:55:43+00:00\",\"breadcrumb\":{\"@id\":\"https:\/\/aron-studio.de\/de\/wie-digitale-fertigung-und-parametrisches-design-die-zukunft-der-architektur-in-europa-veraendern\/#breadcrumb\"},\"inLanguage\":\"de\",\"potentialAction\":[{\"@type\":\"ReadAction\",\"target\":[\"https:\/\/aron-studio.de\/de\/wie-digitale-fertigung-und-parametrisches-design-die-zukunft-der-architektur-in-europa-veraendern\/\"]}]},{\"@type\":\"BreadcrumbList\",\"@id\":\"https:\/\/aron-studio.de\/de\/wie-digitale-fertigung-und-parametrisches-design-die-zukunft-der-architektur-in-europa-veraendern\/#breadcrumb\",\"itemListElement\":[{\"@type\":\"ListItem\",\"position\":1,\"name\":\"Home\",\"item\":\"https:\/\/aron-studio.de\/de\/\"},{\"@type\":\"ListItem\",\"position\":2,\"name\":\"Wie digitale Fertigung und parametrisches Design die Zukunft der Architektur in Europa ver\u00e4ndern\"}]},{\"@type\":\"WebSite\",\"@id\":\"https:\/\/aron-studio.de\/#website\",\"url\":\"https:\/\/aron-studio.de\/\",\"name\":\"Aron Studio\",\"description\":\"\",\"publisher\":{\"@id\":\"https:\/\/aron-studio.de\/#organization\"},\"potentialAction\":[{\"@type\":\"SearchAction\",\"target\":{\"@type\":\"EntryPoint\",\"urlTemplate\":\"https:\/\/aron-studio.de\/?s={search_term_string}\"},\"query-input\":\"required name=search_term_string\"}],\"inLanguage\":\"de\"},{\"@type\":\"Organization\",\"@id\":\"https:\/\/aron-studio.de\/#organization\",\"name\":\"Aron Studio\",\"url\":\"https:\/\/aron-studio.de\/\",\"logo\":{\"@type\":\"ImageObject\",\"inLanguage\":\"de\",\"@id\":\"https:\/\/aron-studio.de\/#\/schema\/logo\/image\/\",\"url\":\"https:\/\/aron-studio.de\/wp-content\/uploads\/2023\/07\/logo.svg\",\"contentUrl\":\"https:\/\/aron-studio.de\/wp-content\/uploads\/2023\/07\/logo.svg\",\"width\":1,\"height\":1,\"caption\":\"Aron Studio\"},\"image\":{\"@id\":\"https:\/\/aron-studio.de\/#\/schema\/logo\/image\/\"},\"sameAs\":[\"https:\/\/www.linkedin.com\/company\/aronstudio\/?viewAsMember=true\",\"https:\/\/instagram.com\/aronstudio.de\"]},{\"@type\":\"Person\",\"@id\":\"https:\/\/aron-studio.de\/#\/schema\/person\/b640f909f1b0d390f40e1a88f94caf55\",\"name\":\"administrator\",\"image\":{\"@type\":\"ImageObject\",\"inLanguage\":\"de\",\"@id\":\"https:\/\/aron-studio.de\/#\/schema\/person\/image\/\",\"url\":\"https:\/\/secure.gravatar.com\/avatar\/dd38e2648eb31fa6872670d53a964cb6961f6fb799ce1dcdd48fc842371729c7?s=96&d=mm&r=g\",\"contentUrl\":\"https:\/\/secure.gravatar.com\/avatar\/dd38e2648eb31fa6872670d53a964cb6961f6fb799ce1dcdd48fc842371729c7?s=96&d=mm&r=g\",\"caption\":\"administrator\"},\"sameAs\":[\"https:\/\/aron-studio.de\"],\"url\":\"https:\/\/aron-studio.de\/de\/author\/administrator\/\"}]}<\/script>\n<!-- \/ Yoast SEO plugin. -->","yoast_head_json":{"title":"Wie digitale Fertigung und parametrisches Design die Zukunft der Architektur in Europa ver\u00e4ndern - Aron Studio","robots":{"index":"index","follow":"follow","max-snippet":"max-snippet:-1","max-image-preview":"max-image-preview:large","max-video-preview":"max-video-preview:-1"},"canonical":"https:\/\/aron-studio.de\/de\/wie-digitale-fertigung-und-parametrisches-design-die-zukunft-der-architektur-in-europa-veraendern\/","og_locale":"de_DE","og_type":"article","og_title":"Wie digitale Fertigung und parametrisches Design die Zukunft der Architektur in Europa ver\u00e4ndern - Aron Studio","og_description":"Einleitung: Ein Paradigmenwechsel im Planen und Bauen Die Architektur in Europa befindet sich im Umbruch. In den letzten Jahren haben sich nicht nur die Entwurfsprozesse grundlegend ver\u00e4ndert \u2013 auch die Art und Weise, wie Geb\u00e4ude produziert werden, entwickelt sich rasant weiter. Zwei der bedeutendsten Treiber dieses Wandels sind das parametrische Design und die digitale Fertigung. [&hellip;]","og_url":"https:\/\/aron-studio.de\/de\/wie-digitale-fertigung-und-parametrisches-design-die-zukunft-der-architektur-in-europa-veraendern\/","og_site_name":"Aron Studio","article_published_time":"2025-09-27T13:55:39+00:00","article_modified_time":"2025-09-27T13:55:43+00:00","og_image":[{"width":1200,"height":800,"url":"https:\/\/aron-studio.de\/wp-content\/uploads\/2025\/09\/WhatsApp-Image-2025-09-27-at-13.58.34.jpeg","type":"image\/jpeg"}],"author":"administrator","twitter_card":"summary_large_image","twitter_misc":{"Verfasst von":"administrator","Gesch\u00e4tzte Lesezeit":"5\u00a0Minuten"},"schema":{"@context":"https:\/\/schema.org","@graph":[{"@type":"Article","@id":"https:\/\/aron-studio.de\/de\/wie-digitale-fertigung-und-parametrisches-design-die-zukunft-der-architektur-in-europa-veraendern\/#article","isPartOf":{"@id":"https:\/\/aron-studio.de\/de\/wie-digitale-fertigung-und-parametrisches-design-die-zukunft-der-architektur-in-europa-veraendern\/"},"author":{"name":"administrator","@id":"https:\/\/aron-studio.de\/#\/schema\/person\/b640f909f1b0d390f40e1a88f94caf55"},"headline":"Wie digitale Fertigung und parametrisches Design die Zukunft der Architektur in Europa ver\u00e4ndern","datePublished":"2025-09-27T13:55:39+00:00","dateModified":"2025-09-27T13:55:43+00:00","mainEntityOfPage":{"@id":"https:\/\/aron-studio.de\/de\/wie-digitale-fertigung-und-parametrisches-design-die-zukunft-der-architektur-in-europa-veraendern\/"},"wordCount":811,"commentCount":0,"publisher":{"@id":"https:\/\/aron-studio.de\/#organization"},"articleSection":["Unkategorisiert"],"inLanguage":"de","potentialAction":[{"@type":"CommentAction","name":"Comment","target":["https:\/\/aron-studio.de\/de\/wie-digitale-fertigung-und-parametrisches-design-die-zukunft-der-architektur-in-europa-veraendern\/#respond"]}]},{"@type":"WebPage","@id":"https:\/\/aron-studio.de\/de\/wie-digitale-fertigung-und-parametrisches-design-die-zukunft-der-architektur-in-europa-veraendern\/","url":"https:\/\/aron-studio.de\/de\/wie-digitale-fertigung-und-parametrisches-design-die-zukunft-der-architektur-in-europa-veraendern\/","name":"Wie digitale Fertigung und parametrisches Design die Zukunft der Architektur in Europa ver\u00e4ndern - Aron Studio","isPartOf":{"@id":"https:\/\/aron-studio.de\/#website"},"datePublished":"2025-09-27T13:55:39+00:00","dateModified":"2025-09-27T13:55:43+00:00","breadcrumb":{"@id":"https:\/\/aron-studio.de\/de\/wie-digitale-fertigung-und-parametrisches-design-die-zukunft-der-architektur-in-europa-veraendern\/#breadcrumb"},"inLanguage":"de","potentialAction":[{"@type":"ReadAction","target":["https:\/\/aron-studio.de\/de\/wie-digitale-fertigung-und-parametrisches-design-die-zukunft-der-architektur-in-europa-veraendern\/"]}]},{"@type":"BreadcrumbList","@id":"https:\/\/aron-studio.de\/de\/wie-digitale-fertigung-und-parametrisches-design-die-zukunft-der-architektur-in-europa-veraendern\/#breadcrumb","itemListElement":[{"@type":"ListItem","position":1,"name":"Home","item":"https:\/\/aron-studio.de\/de\/"},{"@type":"ListItem","position":2,"name":"Wie digitale Fertigung und parametrisches Design die Zukunft der Architektur in Europa ver\u00e4ndern"}]},{"@type":"WebSite","@id":"https:\/\/aron-studio.de\/#website","url":"https:\/\/aron-studio.de\/","name":"Aron Studio","description":"","publisher":{"@id":"https:\/\/aron-studio.de\/#organization"},"potentialAction":[{"@type":"SearchAction","target":{"@type":"EntryPoint","urlTemplate":"https:\/\/aron-studio.de\/?s={search_term_string}"},"query-input":"required name=search_term_string"}],"inLanguage":"de"},{"@type":"Organization","@id":"https:\/\/aron-studio.de\/#organization","name":"Aron Studio","url":"https:\/\/aron-studio.de\/","logo":{"@type":"ImageObject","inLanguage":"de","@id":"https:\/\/aron-studio.de\/#\/schema\/logo\/image\/","url":"https:\/\/aron-studio.de\/wp-content\/uploads\/2023\/07\/logo.svg","contentUrl":"https:\/\/aron-studio.de\/wp-content\/uploads\/2023\/07\/logo.svg","width":1,"height":1,"caption":"Aron Studio"},"image":{"@id":"https:\/\/aron-studio.de\/#\/schema\/logo\/image\/"},"sameAs":["https:\/\/www.linkedin.com\/company\/aronstudio\/?viewAsMember=true","https:\/\/instagram.com\/aronstudio.de"]},{"@type":"Person","@id":"https:\/\/aron-studio.de\/#\/schema\/person\/b640f909f1b0d390f40e1a88f94caf55","name":"administrator","image":{"@type":"ImageObject","inLanguage":"de","@id":"https:\/\/aron-studio.de\/#\/schema\/person\/image\/","url":"https:\/\/secure.gravatar.com\/avatar\/dd38e2648eb31fa6872670d53a964cb6961f6fb799ce1dcdd48fc842371729c7?s=96&d=mm&r=g","contentUrl":"https:\/\/secure.gravatar.com\/avatar\/dd38e2648eb31fa6872670d53a964cb6961f6fb799ce1dcdd48fc842371729c7?s=96&d=mm&r=g","caption":"administrator"},"sameAs":["https:\/\/aron-studio.de"],"url":"https:\/\/aron-studio.de\/de\/author\/administrator\/"}]}},"_links":{"self":[{"href":"https:\/\/aron-studio.de\/de\/wp-json\/wp\/v2\/posts\/1856","targetHints":{"allow":["GET"]}}],"collection":[{"href":"https:\/\/aron-studio.de\/de\/wp-json\/wp\/v2\/posts"}],"about":[{"href":"https:\/\/aron-studio.de\/de\/wp-json\/wp\/v2\/types\/post"}],"author":[{"embeddable":true,"href":"https:\/\/aron-studio.de\/de\/wp-json\/wp\/v2\/users\/1"}],"replies":[{"embeddable":true,"href":"https:\/\/aron-studio.de\/de\/wp-json\/wp\/v2\/comments?post=1856"}],"version-history":[{"count":1,"href":"https:\/\/aron-studio.de\/de\/wp-json\/wp\/v2\/posts\/1856\/revisions"}],"predecessor-version":[{"id":1858,"href":"https:\/\/aron-studio.de\/de\/wp-json\/wp\/v2\/posts\/1856\/revisions\/1858"}],"wp:featuredmedia":[{"embeddable":true,"href":"https:\/\/aron-studio.de\/de\/wp-json\/wp\/v2\/media\/1853"}],"wp:attachment":[{"href":"https:\/\/aron-studio.de\/de\/wp-json\/wp\/v2\/media?parent=1856"}],"wp:term":[{"taxonomy":"category","embeddable":true,"href":"https:\/\/aron-studio.de\/de\/wp-json\/wp\/v2\/categories?post=1856"},{"taxonomy":"post_tag","embeddable":true,"href":"https:\/\/aron-studio.de\/de\/wp-json\/wp\/v2\/tags?post=1856"}],"curies":[{"name":"wp","href":"https:\/\/api.w.org\/{rel}","templated":true}]}}